{"id":103,"date":"2013-05-22T12:12:26","date_gmt":"2013-05-22T10:12:26","guid":{"rendered":"http:\/\/osmolice.pl\/?p=103"},"modified":"2013-08-24T23:16:43","modified_gmt":"2013-08-24T21:16:43","slug":"goscimy-rowerzystow-z-francji","status":"publish","type":"post","link":"http:\/\/osmolice.pl\/index.php\/goscimy-rowerzystow-z-francji\/","title":{"rendered":"Go\u015bcimy rowerzyst\u00f3w z&nbsp;Francji"},"content":{"rendered":"<p><a href=\"http:\/\/osmolice.pl\/wp-content\/uploads\/2013\/05\/rowery_francja.jpg\"><img loading=\"lazy\" class=\"alignnone size-large wp-image-107\" alt=\"rowery_francja\" src=\"http:\/\/osmolice.pl\/wp-content\/uploads\/2013\/05\/rowery_francja-1024x648.jpg\" width=\"584\" height=\"369\" srcset=\"http:\/\/osmolice.pl\/wp-content\/uploads\/2013\/05\/rowery_francja-1024x648.jpg 1024w, http:\/\/osmolice.pl\/wp-content\/uploads\/2013\/05\/rowery_francja-300x190.jpg 300w, http:\/\/osmolice.pl\/wp-content\/uploads\/2013\/05\/rowery_francja-473x300.jpg 473w\" sizes=\"(max-width: 584px) 100vw, 584px\" \/><\/a><\/p>\n<p style=\"text-align: justify;\">Niezwyk\u0142a wyprawa rowerowa francuskiej rodziny zawita\u0142a do naszej bazy.<br \/>\nEric i Florence Favre wraz z tr\u00f3jk\u0105 swoich dzieci (najm\u0142odsza Zoe ma 10 lat) rozpocz\u0119li swoja podr\u00f3\u017c rowerami 10 kwietnia 2013 roku w Odessie na Ukrainie. Przejechali juz oko\u0142o tysi\u0105ca kilometr\u00f3w. Po dwudniowym odpoczynku w osmolice.pl francuscy rowerzy\u015bci przez Lublin i Brze\u015b\u0107 pojad\u0105 do stolicy Bia\u0142orusi &#8211; Mi\u0144ska.<br \/>\nIch rowerowa podr\u00f3\u017c zako\u0144czy si\u0119 w Helsinkach.<\/p>\n<p>\u017byczymy im szerokiej drogi<br \/>\ni zapraszamy ponownie.<\/p>\n","protected":false},"excerpt":{"rendered":"<p>Niezwyk\u0142a wyprawa rowerowa francuskiej rodziny zawita\u0142a do naszej bazy. Eric i Florence Favre wraz z tr\u00f3jk\u0105 swoich dzieci (najm\u0142odsza Zoe ma 10 lat) rozpocz\u0119li swoja podr\u00f3\u017c rowerami 10 kwietnia 2013 roku w Odessie na Ukrainie. Przejechali juz oko\u0142o tysi\u0105ca kilometr\u00f3w. &hellip; <a href=\"http:\/\/osmolice.pl\/index.php\/goscimy-rowerzystow-z-francji\/\">Czytaj dalej <span class=\"meta-nav\">&rarr;<\/span><\/a><\/p>\n","protected":false},"author":2,"featured_media":0,"comment_status":"closed","ping_status":"open","sticky":false,"template":"","format":"standard","meta":[],"categories":[4],"tags":[],"_links":{"self":[{"href":"http:\/\/osmolice.pl\/index.php\/wp-json\/wp\/v2\/posts\/103"}],"collection":[{"href":"http:\/\/osmolice.pl\/index.php\/wp-json\/wp\/v2\/posts"}],"about":[{"href":"http:\/\/osmolice.pl\/index.php\/wp-json\/wp\/v2\/types\/post"}],"author":[{"embeddable":true,"href":"http:\/\/osmolice.pl\/index.php\/wp-json\/wp\/v2\/users\/2"}],"replies":[{"embeddable":true,"href":"http:\/\/osmolice.pl\/index.php\/wp-json\/wp\/v2\/comments?post=103"}],"version-history":[{"count":9,"href":"http:\/\/osmolice.pl\/index.php\/wp-json\/wp\/v2\/posts\/103\/revisions"}],"predecessor-version":[{"id":195,"href":"http:\/\/osmolice.pl\/index.php\/wp-json\/wp\/v2\/posts\/103\/revisions\/195"}],"wp:attachment":[{"href":"http:\/\/osmolice.pl\/index.php\/wp-json\/wp\/v2\/media?parent=103"}],"wp:term":[{"taxonomy":"category","embeddable":true,"href":"http:\/\/osmolice.pl\/index.php\/wp-json\/wp\/v2\/categories?post=103"},{"taxonomy":"post_tag","embeddable":true,"href":"http:\/\/osmolice.pl\/index.php\/wp-json\/wp\/v2\/tags?post=103"}],"curies":[{"name":"wp","href":"https:\/\/api.w.org\/{rel}","templated":true}]}}