{"id":593,"date":"2015-10-02T20:39:16","date_gmt":"2015-10-02T18:39:16","guid":{"rendered":"http:\/\/osmolice.pl\/?p=593"},"modified":"2015-10-06T20:50:20","modified_gmt":"2015-10-06T18:50:20","slug":"tvp-lublin-relacja-z-i-pikniku-rodzinnego-fol","status":"publish","type":"post","link":"http:\/\/osmolice.pl\/index.php\/tvp-lublin-relacja-z-i-pikniku-rodzinnego-fol\/","title":{"rendered":"TVP Lublin &#8211; relacja z I Pikniku Rodzinnego FOL"},"content":{"rendered":"<p>&nbsp;<\/p>\n<p><span class=\"_11dd fwn fcg\" data-ft=\"{&quot;tn&quot;:&quot;C&quot;}\"><span class=\"fcg\"><span class=\"fwb\"><a class=\"profileLink\" href=\"https:\/\/www.facebook.com\/lublin.tvp\" data-ft=\"{&quot;tn&quot;:&quot;k&quot;}\" data-hovercard=\"\/ajax\/hovercard\/page.php?id=206577579428600\">TVP Lublin<\/a><\/span> z: <a class=\"profileLink\" href=\"https:\/\/www.facebook.com\/profile.php?id=1704081753\" data-ft=\"{&quot;tn&quot;:&quot;l&quot;}\" data-hovercard=\"\/ajax\/hovercard\/user.php?id=1704081753\">Ma\u0142gorzata Siennicka<\/a><\/span><\/span><\/p>\n<p style=\"text-align: justify;\">Dzi\u015b w &#8222;Zobacz, co s\u0142ycha\u0107&#8221; przyja\u017a\u0144, wsparcie, integracja &#8211; Joanna Racewicz i Marcin Najman na pikniku Fundacji Oswoi\u0107 Los, jednoro\u017cec lubi \u0142askotki czyli rodz<span class=\"text_exposed_show\">inne muzykowanie w DDK W\u0119glin oraz m\u0142odo\u015b\u0107 w parze z do\u015bwiadczeniem &#8211; jak widzi Teatr Muzyczny nowa dyrektor Iwona Sawulska. Ponadto Trubadurzy, Skaldowie i Federacja &#8211; zaproszenia na koncerty.<\/span><\/p>\n<div class=\"mtm _5pco\" data-ft=\"{&quot;tn&quot;:&quot;K&quot;}\">\n<div id=\"id_56141495cfd147862739692\" class=\"text_exposed_root text_exposed\">\n<div class=\"text_exposed_show\">\n<p>Ma\u0142gosia Siennicka zaprasza<\/p>\n<\/div>\n<\/div>\n<\/div>\n<p>Bezpo\u015bredni link do programu: <a href=\"http:\/\/lublin.tvp.pl\/21951780\/2-pazdziernika-2015\" target=\"_blank\">http:\/\/lublin.tvp.pl\/21951780\/2-pazdziernika-2015<\/a><\/p>\n","protected":false},"excerpt":{"rendered":"<p>&nbsp; TVP Lublin z: Ma\u0142gorzata Siennicka Dzi\u015b w &#8222;Zobacz, co s\u0142ycha\u0107&#8221; przyja\u017a\u0144, wsparcie, integracja &#8211; Joanna Racewicz i Marcin Najman na pikniku Fundacji Oswoi\u0107 Los, jednoro\u017cec lubi \u0142askotki czyli rodzinne muzykowanie w DDK W\u0119glin oraz m\u0142odo\u015b\u0107 w parze z do\u015bwiadczeniem &hellip; <a href=\"http:\/\/osmolice.pl\/index.php\/tvp-lublin-relacja-z-i-pikniku-rodzinnego-fol\/\">Czytaj dalej <span class=\"meta-nav\">&rarr;<\/span><\/a><\/p>\n","protected":false},"author":2,"featured_media":0,"comment_status":"closed","ping_status":"open","sticky":false,"template":"","format":"standard","meta":[],"categories":[4],"tags":[],"_links":{"self":[{"href":"http:\/\/osmolice.pl\/index.php\/wp-json\/wp\/v2\/posts\/593"}],"collection":[{"href":"http:\/\/osmolice.pl\/index.php\/wp-json\/wp\/v2\/posts"}],"about":[{"href":"http:\/\/osmolice.pl\/index.php\/wp-json\/wp\/v2\/types\/post"}],"author":[{"embeddable":true,"href":"http:\/\/osmolice.pl\/index.php\/wp-json\/wp\/v2\/users\/2"}],"replies":[{"embeddable":true,"href":"http:\/\/osmolice.pl\/index.php\/wp-json\/wp\/v2\/comments?post=593"}],"version-history":[{"count":7,"href":"http:\/\/osmolice.pl\/index.php\/wp-json\/wp\/v2\/posts\/593\/revisions"}],"predecessor-version":[{"id":600,"href":"http:\/\/osmolice.pl\/index.php\/wp-json\/wp\/v2\/posts\/593\/revisions\/600"}],"wp:attachment":[{"href":"http:\/\/osmolice.pl\/index.php\/wp-json\/wp\/v2\/media?parent=593"}],"wp:term":[{"taxonomy":"category","embeddable":true,"href":"http:\/\/osmolice.pl\/index.php\/wp-json\/wp\/v2\/categories?post=593"},{"taxonomy":"post_tag","embeddable":true,"href":"http:\/\/osmolice.pl\/index.php\/wp-json\/wp\/v2\/tags?post=593"}],"curies":[{"name":"wp","href":"https:\/\/api.w.org\/{rel}","templated":true}]}}