{"id":677,"date":"2016-09-23T15:18:01","date_gmt":"2016-09-23T13:18:01","guid":{"rendered":"http:\/\/osmolice.pl\/?p=677"},"modified":"2016-09-23T15:20:08","modified_gmt":"2016-09-23T13:20:08","slug":"677","status":"publish","type":"post","link":"http:\/\/osmolice.pl\/index.php\/677\/","title":{"rendered":"Relacja filmowa z Pikniku"},"content":{"rendered":"<p style=\"text-align: justify;\">Dzi\u0119ki <a class=\"profileLink\" href=\"https:\/\/www.facebook.com\/mtkvideoslublin\/\" data-hovercard=\"\/ajax\/hovercard\/page.php?id=999127876822926&amp;extragetparams=%7B%22directed_target_id%22%3A1268512996516669%7D\">MTK videos<\/a> i Mi\u0142oszowi Karskiemu b\u0119dziecie mogli zobaczy\u0107 relacj\u0119 filmow\u0105 z\u00a0naszego Pikniku. Mi\u0142osz jest absolwentem gimnazjum im. <a class=\"profileLink\" href=\"https:\/\/www.facebook.com\/klonowic\/\" data-hovercard=\"\/ajax\/hovercard\/page.php?id=742255709248790&amp;extragetparams=%7B%22directed_target_id%22%3A1268512996516669%7D\">Klonowic<\/a> i zajmuje si\u0119 produkcj\u0105 r\u00f3\u017cnego rodzaju film\u00f3w. Dzi\u0119kujemy!!! <span class=\"_47e3\" title=\"Emotikon smile\"><span class=\"_7oe\">\ud83d\ude42<\/span><\/span><br \/>\nTo ju\u017c jutro!!!<\/p>\n<p><em>Fundacja Oswoi\u0107 Los<\/em><br \/>\n<em>Katarzyna \u0141ukasiewicz<\/em><\/p>\n<p><a href=\"http:\/\/osmolice.pl\/wp-content\/uploads\/2016\/09\/14095889_1147846631951049_2489243436971347994_n.png\"><img loading=\"lazy\" class=\"aligncenter size-full wp-image-678\" src=\"http:\/\/osmolice.pl\/wp-content\/uploads\/2016\/09\/14095889_1147846631951049_2489243436971347994_n.png\" alt=\"14095889_1147846631951049_2489243436971347994_n\" width=\"400\" height=\"400\" srcset=\"http:\/\/osmolice.pl\/wp-content\/uploads\/2016\/09\/14095889_1147846631951049_2489243436971347994_n.png 400w, http:\/\/osmolice.pl\/wp-content\/uploads\/2016\/09\/14095889_1147846631951049_2489243436971347994_n-150x150.png 150w, http:\/\/osmolice.pl\/wp-content\/uploads\/2016\/09\/14095889_1147846631951049_2489243436971347994_n-300x300.png 300w\" sizes=\"(max-width: 400px) 100vw, 400px\" \/><\/a><\/p>\n","protected":false},"excerpt":{"rendered":"<p>Dzi\u0119ki MTK videos i Mi\u0142oszowi Karskiemu b\u0119dziecie mogli zobaczy\u0107 relacj\u0119 filmow\u0105 z\u00a0naszego Pikniku. Mi\u0142osz jest absolwentem gimnazjum im. Klonowic i zajmuje si\u0119 produkcj\u0105 r\u00f3\u017cnego rodzaju film\u00f3w. Dzi\u0119kujemy!!! \ud83d\ude42 To ju\u017c jutro!!! Fundacja Oswoi\u0107 Los Katarzyna \u0141ukasiewicz<\/p>\n","protected":false},"author":2,"featured_media":0,"comment_status":"closed","ping_status":"open","sticky":false,"template":"","format":"standard","meta":[],"categories":[4],"tags":[],"_links":{"self":[{"href":"http:\/\/osmolice.pl\/index.php\/wp-json\/wp\/v2\/posts\/677"}],"collection":[{"href":"http:\/\/osmolice.pl\/index.php\/wp-json\/wp\/v2\/posts"}],"about":[{"href":"http:\/\/osmolice.pl\/index.php\/wp-json\/wp\/v2\/types\/post"}],"author":[{"embeddable":true,"href":"http:\/\/osmolice.pl\/index.php\/wp-json\/wp\/v2\/users\/2"}],"replies":[{"embeddable":true,"href":"http:\/\/osmolice.pl\/index.php\/wp-json\/wp\/v2\/comments?post=677"}],"version-history":[{"count":3,"href":"http:\/\/osmolice.pl\/index.php\/wp-json\/wp\/v2\/posts\/677\/revisions"}],"predecessor-version":[{"id":681,"href":"http:\/\/osmolice.pl\/index.php\/wp-json\/wp\/v2\/posts\/677\/revisions\/681"}],"wp:attachment":[{"href":"http:\/\/osmolice.pl\/index.php\/wp-json\/wp\/v2\/media?parent=677"}],"wp:term":[{"taxonomy":"category","embeddable":true,"href":"http:\/\/osmolice.pl\/index.php\/wp-json\/wp\/v2\/categories?post=677"},{"taxonomy":"post_tag","embeddable":true,"href":"http:\/\/osmolice.pl\/index.php\/wp-json\/wp\/v2\/tags?post=677"}],"curies":[{"name":"wp","href":"https:\/\/api.w.org\/{rel}","templated":true}]}}