{"id":768,"date":"2018-09-03T18:01:30","date_gmt":"2018-09-03T16:01:30","guid":{"rendered":"http:\/\/osmolice.pl\/?p=768"},"modified":"2018-09-03T18:01:30","modified_gmt":"2018-09-03T16:01:30","slug":"natalia-moskal-na-iv-pikniku-rodzinnym-fundacji-oswoic-los","status":"publish","type":"post","link":"http:\/\/osmolice.pl\/index.php\/natalia-moskal-na-iv-pikniku-rodzinnym-fundacji-oswoic-los\/","title":{"rendered":"Natalia Moskal na IV Pikniku Rodzinnym Fundacji Oswoi\u0107 Los"},"content":{"rendered":"<p><span id=\"fbPhotoSnowliftCaption\" class=\"fbPhotosPhotoCaption\" tabindex=\"0\" aria-live=\"polite\" data-ft=\"{&quot;tn&quot;:&quot;K&quot;}\"><span class=\"hasCaption\">Kochani &#8211; nasz FOL-owski piknik ju\u017c za kilka dni!!! Jak zwykle doborowe towarzystwo, smako\u0142yki, atrakcje dla du\u017cych i ma\u0142ych i pi\u0119kne widoki:)))<br \/>\nDodatkowo wra\u017ce\u0144 estetycznych dla naszych uszu dostarczy nam <a href=\"https:\/\/www.facebook.com\/natalia.moskal.3\" data-hovercard=\"\/ajax\/hovercard\/user.php?id=100001706407362&amp;extragetparams=%7B%22directed_target_id%22%3Anull%2C%22groups_location%22%3Anull%7D\" data-hovercard-prefer-more-content-show=\"1\">Natalia Moskal<\/a>!!!<br \/>\nZapraszamy!!!!<\/span><\/span><\/p>\n<p><a href=\"http:\/\/osmolice.pl\/wp-content\/uploads\/2018\/09\/40635146_1952802904812681_2403197118811471872_o.jpg\"><img loading=\"lazy\" class=\"aligncenter size-full wp-image-767\" src=\"http:\/\/osmolice.pl\/wp-content\/uploads\/2018\/09\/40635146_1952802904812681_2403197118811471872_o.jpg\" alt=\"\" width=\"2048\" height=\"1365\" srcset=\"http:\/\/osmolice.pl\/wp-content\/uploads\/2018\/09\/40635146_1952802904812681_2403197118811471872_o.jpg 2048w, http:\/\/osmolice.pl\/wp-content\/uploads\/2018\/09\/40635146_1952802904812681_2403197118811471872_o-300x200.jpg 300w, http:\/\/osmolice.pl\/wp-content\/uploads\/2018\/09\/40635146_1952802904812681_2403197118811471872_o-768x512.jpg 768w, http:\/\/osmolice.pl\/wp-content\/uploads\/2018\/09\/40635146_1952802904812681_2403197118811471872_o-1024x683.jpg 1024w, http:\/\/osmolice.pl\/wp-content\/uploads\/2018\/09\/40635146_1952802904812681_2403197118811471872_o-450x300.jpg 450w\" sizes=\"(max-width: 2048px) 100vw, 2048px\" \/><span id=\"fbPhotoSnowliftCaption\" class=\"fbPhotosPhotoCaption\" tabindex=\"0\" aria-live=\"polite\" data-ft=\"{&quot;tn&quot;:&quot;K&quot;}\"><\/span><\/a><span id=\"fbPhotoSnowliftCaption\" class=\"fbPhotosPhotoCaption\" tabindex=\"0\" aria-live=\"polite\" data-ft=\"{&quot;tn&quot;:&quot;K&quot;}\"><span class=\"hasCaption\">Natalia Moskal \u200b\u2013 wokalistka, autorka tekst\u00f3w, t\u0142umaczka, magister filologii angielskiej i absolwentka Akademii Manager\u00f3w Muzycznych. Muzyka, kt\u00f3r\u0105 tworzy to og\u00f3<span class=\"text_exposed_show\">lnie poj\u0119ty electro pop ze spor\u0105 dawk\u0105 alternatywy.<br \/>\n19 maja 2017 roku ukaza\u0142 si\u0119 debiutancki album Natalii, \u201cSongs of Myself\u201d. Promowa\u0142y go single: \u201cLustro,\u201d ,,Better Man\u200b\u201d, do kt\u00f3rego powsta\u0142 teledysk nakr\u0119cony podczas trasy koncertowej we W\u0142oszech, oraz \u201cMidnight.\u201d Do piosenki powsta\u0142o bardzo \u201ekobiece\u201d video. W klipie wyst\u0105pi\u0142a go\u015bcinnie znana prezenterka telewizyjna i dziennikarka muzyczna, Gabi Drzewiecka.<br \/>\nAutork\u0105 wszystkich tekst\u00f3w na p\u0142ycie jest Natalia. Wydawc\u0105 albumu jest Fame Art, rodzinne wydawnictwo Natalii, a dystrybucj\u0119 obj\u0105\u0142 Universal Music Polska.<br \/>\nNatalia wraz ze swoim zespo\u0142em wyst\u0105pi\u0142a m.in. na najwi\u0119kszym showcase\u2019ie w Polsce, Enea Springbreak Showcase 2018, a tak\u017ce na Balcony TV Milano, w Radio ChilliZet w audycji \u201cGabinet D\u017awi\u0119ku\u201d, wyst\u0105pi\u0142a na Festiwalu Filmowym Dwa Brzegi w Kazimierzu Dolnym, festiwalu Behind The Trees w Mys\u0142owicach, czy w Studio im. Agnieszki Osieckiej w siedzibie Programu Trzeciego Polskiego Radia.<br \/>\nNatalia jest tak\u017ce t\u0142umaczk\u0105. W 2016 roku ukaza\u0142 si\u0119 zbi\u00f3r opowiada\u0144 Ester Singer Kreitman \u201cRodow\u00f3d\u201d, kt\u00f3ry Natalia prze\u0142o\u017cy\u0142a z j\u0119zyka angielskiego. Wydawcami ksi\u0105\u017cki s\u0105: wspomniany wy\u017cej Fame Art oraz O\u015brodek \u201eBrama Grodzka \u2013 Teatr NN\u201d.<\/span><\/span><\/span><\/p>\n","protected":false},"excerpt":{"rendered":"<p>Kochani &#8211; nasz FOL-owski piknik ju\u017c za kilka dni!!! Jak zwykle doborowe towarzystwo, smako\u0142yki, atrakcje dla du\u017cych i ma\u0142ych i pi\u0119kne widoki:))) Dodatkowo wra\u017ce\u0144 estetycznych dla naszych uszu dostarczy nam Natalia Moskal!!! Zapraszamy!!!! Natalia Moskal \u200b\u2013 wokalistka, autorka tekst\u00f3w, t\u0142umaczka, &hellip; <a href=\"http:\/\/osmolice.pl\/index.php\/natalia-moskal-na-iv-pikniku-rodzinnym-fundacji-oswoic-los\/\">Czytaj dalej <span class=\"meta-nav\">&rarr;<\/span><\/a><\/p>\n","protected":false},"author":2,"featured_media":0,"comment_status":"closed","ping_status":"open","sticky":false,"template":"","format":"standard","meta":[],"categories":[4],"tags":[],"_links":{"self":[{"href":"http:\/\/osmolice.pl\/index.php\/wp-json\/wp\/v2\/posts\/768"}],"collection":[{"href":"http:\/\/osmolice.pl\/index.php\/wp-json\/wp\/v2\/posts"}],"about":[{"href":"http:\/\/osmolice.pl\/index.php\/wp-json\/wp\/v2\/types\/post"}],"author":[{"embeddable":true,"href":"http:\/\/osmolice.pl\/index.php\/wp-json\/wp\/v2\/users\/2"}],"replies":[{"embeddable":true,"href":"http:\/\/osmolice.pl\/index.php\/wp-json\/wp\/v2\/comments?post=768"}],"version-history":[{"count":1,"href":"http:\/\/osmolice.pl\/index.php\/wp-json\/wp\/v2\/posts\/768\/revisions"}],"predecessor-version":[{"id":769,"href":"http:\/\/osmolice.pl\/index.php\/wp-json\/wp\/v2\/posts\/768\/revisions\/769"}],"wp:attachment":[{"href":"http:\/\/osmolice.pl\/index.php\/wp-json\/wp\/v2\/media?parent=768"}],"wp:term":[{"taxonomy":"category","embeddable":true,"href":"http:\/\/osmolice.pl\/index.php\/wp-json\/wp\/v2\/categories?post=768"},{"taxonomy":"post_tag","embeddable":true,"href":"http:\/\/osmolice.pl\/index.php\/wp-json\/wp\/v2\/tags?post=768"}],"curies":[{"name":"wp","href":"https:\/\/api.w.org\/{rel}","templated":true}]}}